{"id":8530,"date":"2016-05-11T11:36:09","date_gmt":"2016-05-11T11:36:09","guid":{"rendered":"https:\/\/www.espaimoble.com\/2018\/01\/29\/interiorismo-tambien-para-tiendas\/"},"modified":"2018-01-31T09:20:28","modified_gmt":"2018-01-31T09:20:28","slug":"interiorismo-tambien-para-tiendas","status":"publish","type":"post","link":"https:\/\/www.espaimoble.com\/es\/2016\/05\/11\/interiorismo-tambien-para-tiendas\/","title":{"rendered":"Interiorismo tambi\u00e9n para tiendas!"},"content":{"rendered":"<p>[et_pb_section fb_built=&#8221;1&#8243; _builder_version=&#8221;3.0.47&#8243;][et_pb_row _builder_version=&#8221;3.0.47&#8243; background_size=&#8221;initial&#8221; background_position=&#8221;top_left&#8221; background_repeat=&#8221;repeat&#8221;][et_pb_column type=&#8221;4_4&#8243; _builder_version=&#8221;3.0.47&#8243; parallax=&#8221;off&#8221; parallax_method=&#8221;on&#8221;][et_pb_text _builder_version=&#8221;3.0.98&#8243; background_size=&#8221;initial&#8221; background_position=&#8221;top_left&#8221; background_repeat=&#8221;repeat&#8221;]<\/p>\n<p>\nLa aventura de ser padres se merece empezar de una manera salvaje a Noarre Kids, una tienda del barrio de Poblenou en Barcelona especializada con productos relacionados con el embarazo, el parto y post-parto, la crianza y entretenimientos de los primeros a\u00f1os de las criaturas.<\/p>\n<p>En esta ocasi\u00f3n, Espai Moble nos hicimos cargo de todo el proyecto, desde la concepci\u00f3n y dise\u00f1o de interiores hasta la ejecuci\u00f3n pasando por mobiliario.<\/p>\n<p>L&#8217;objectiu era proporcionar una experi\u00e8ncia vivencial\u00a0relacionada amb l&#8217;aventura de ser pares. Per aix\u00f2, les tarimes de fusta seleccionades i els elements per reconnectar amb la natura, que \u00e9s el que es viu en aquestes etapes. Aix\u00ed mateix i pensant en els usuaris petits i grans, es van disposar diferents nivells d&#8217;exposici\u00f3 a la botiga, que a m\u00e9s permeten ensenyar els productes des de diferents angles per tal de valorar-ne les qualitats.<\/p>\n<p>[\/et_pb_text][\/et_pb_column][\/et_pb_row][et_pb_row _builder_version=&#8221;3.0.98&#8243;][et_pb_column type=&#8221;4_4&#8243; _builder_version=&#8221;3.0.98&#8243; parallax=&#8221;off&#8221; parallax_method=&#8221;on&#8221;][et_pb_code _builder_version=&#8221;3.0.98&#8243;]&lt;iframe src=&quot;https:\/\/www.facebook.com\/plugins\/video.php?href=https%3A%2F%2Fwww.facebook.com%2Fespaimoblevilanova%2Fvideos%2F10153441955246875%2F&amp;show_text=0&amp;width=720&quot; width=&quot;720&quot; height=&quot;405&quot; style=&quot;border:none;overflow:hidden&quot; scrolling=&quot;no&quot; frameborder=&quot;0&quot; allowTransparency=&quot;true&quot; allowFullScreen=&quot;true&quot;&gt;&lt;\/iframe&gt;[\/et_pb_code][et_pb_text _builder_version=&#8221;3.0.98&#8243; background_size=&#8221;initial&#8221; background_position=&#8221;top_left&#8221; background_repeat=&#8221;repeat&#8221;]<\/p>\n<p><span style=\"color: #ab0132;\"><\/span><\/p>\n<p><span style=\"color: #ab0132;\">Espai Moble Interiorismo<\/span> es la versi\u00f3n integral de nuestra manera de trabajar. Desde la conceptualizaci\u00f3n del uso de los espacios pensando en una cuidada experiencia del usuario, pasando por el uso de 3D para la elaboraci\u00f3n del proyecto y terminando con la ejecuci\u00f3n con la coordinaci\u00f3n de todos los profesionales que intervienen.<\/p>\n<p>[\/et_pb_text][\/et_pb_column][\/et_pb_row][\/et_pb_section]<\/p>\n","protected":false},"excerpt":{"rendered":"<p>Explicamos el proyecto de interiorismo de Espai Moble a Noarre Kids, una tienda de productos de puericultura en Barcelona.<\/p>\n","protected":false},"author":9,"featured_media":7236,"comment_status":"open","ping_status":"open","sticky":false,"template":"","format":"standard","meta":{"_et_pb_use_builder":"on","_et_pb_old_content":"<p>[vc_row][vc_column][vc_column_text]L'aventura de ser pares es mereix comen\u00e7ar d'una manera salvatge a Noari Kids, una botiga del barri de poblenou a Barcelona especialitzada amb productes relacionats amb l'embar\u00e0s, el part i post-part, la crian\u00e7a i entreteniments dels primers anys de les criatures.<\/p><p>En aquesta ocasi\u00f3, Espai Moble ens vam fer c\u00e0rrec de tot el projecte, des de la concepci\u00f3 i disseny d'interiors fins a l'execuci\u00f3 passant pel mobiliari.<\/p><p>L'objectiu era proporcionar una experi\u00e8ncia vivencial\u00a0relacionada amb l'aventura de ser pares. Per aix\u00f2, les tarimes de fusta seleccionades i els elements per reconnectar amb la natura, que \u00e9s el que es viu en aquestes etapes. Aix\u00ed mateix i pensant en els usuaris petits i grans, es van disposar diferents nivells d'exposici\u00f3 a la botiga, que a m\u00e9s permeten ensenyar els productes des de diferents angles per tal de valorar-ne les qualitats.[\/vc_column_text][\/vc_column][\/vc_row][vc_row][vc_column width=\"1\/4\"][\/vc_column][vc_column width=\"1\/2\"][vc_raw_html]JTNDaWZyYW1lJTIwc3JjJTNEJTIyaHR0cHMlM0ElMkYlMkZ3d3cuZmFjZWJvb2suY29tJTJGcGx1Z2lucyUyRnZpZGVvLnBocCUzRmhyZWYlM0RodHRwcyUyNTNBJTI1MkYlMjUyRnd3dy5mYWNlYm9vay5jb20lMjUyRmVzcGFpbW9ibGV2aWxhbm92YSUyNTJGdmlkZW9zJTI1MkYxMDE1MzQ0MTk1NTI0Njg3NSUyNTJGJTI2c2hvd190ZXh0JTNEMCUyNndpZHRoJTNENTYwJTIyJTIwd2lkdGglM0QlMjI1NjAlMjIlMjBoZWlnaHQlM0QlMjIzMTUlMjIlMjBzdHlsZSUzRCUyMmJvcmRlciUzQW5vbmUlM0JvdmVyZmxvdyUzQWhpZGRlbiUyMiUyMHNjcm9sbGluZyUzRCUyMm5vJTIyJTIwZnJhbWVib3JkZXIlM0QlMjIwJTIyJTIwYWxsb3dUcmFuc3BhcmVuY3klM0QlMjJ0cnVlJTIyJTIwYWxsb3dGdWxsU2NyZWVuJTNEJTIydHJ1ZSUyMiUzRSUzQyUyRmlmcmFtZSUzRQ==[\/vc_raw_html][\/vc_column][vc_column width=\"1\/4\"][\/vc_column][\/vc_row][vc_row][vc_column][vc_column_text]<\/p><p><span style=\"color: #ab0132;\">Espai Moble Interiorisme<\/span> \u00e9s la versi\u00f3 integral de la nostra manera de treballar. Des de la conceptualitzaci\u00f3 de l'\u00fas dels espai pensant en una acurada experi\u00e8ncia de l'usuari, passant per l'\u00fas de 3D per l'elaboraci\u00f3 del projecte i acabant amb l'execuci\u00f3 amb la coordinaci\u00f3 de tots els professionals que intervenen.[\/vc_column_text][\/vc_column][\/vc_row]<\/p>","_et_gb_content_width":"","footnotes":""},"categories":[184],"tags":[],"dipi_cpt_category":[],"class_list":["post-8530","post","type-post","status-publish","format-standard","has-post-thumbnail","hentry","category-sin-categorizar"],"_links":{"self":[{"href":"https:\/\/www.espaimoble.com\/es\/wp-json\/wp\/v2\/posts\/8530","targetHints":{"allow":["GET"]}}],"collection":[{"href":"https:\/\/www.espaimoble.com\/es\/wp-json\/wp\/v2\/posts"}],"about":[{"href":"https:\/\/www.espaimoble.com\/es\/wp-json\/wp\/v2\/types\/post"}],"author":[{"embeddable":true,"href":"https:\/\/www.espaimoble.com\/es\/wp-json\/wp\/v2\/users\/9"}],"replies":[{"embeddable":true,"href":"https:\/\/www.espaimoble.com\/es\/wp-json\/wp\/v2\/comments?post=8530"}],"version-history":[{"count":5,"href":"https:\/\/www.espaimoble.com\/es\/wp-json\/wp\/v2\/posts\/8530\/revisions"}],"predecessor-version":[{"id":8596,"href":"https:\/\/www.espaimoble.com\/es\/wp-json\/wp\/v2\/posts\/8530\/revisions\/8596"}],"wp:featuredmedia":[{"embeddable":true,"href":"https:\/\/www.espaimoble.com\/es\/wp-json\/wp\/v2\/media\/7236"}],"wp:attachment":[{"href":"https:\/\/www.espaimoble.com\/es\/wp-json\/wp\/v2\/media?parent=8530"}],"wp:term":[{"taxonomy":"category","embeddable":true,"href":"https:\/\/www.espaimoble.com\/es\/wp-json\/wp\/v2\/categories?post=8530"},{"taxonomy":"post_tag","embeddable":true,"href":"https:\/\/www.espaimoble.com\/es\/wp-json\/wp\/v2\/tags?post=8530"},{"taxonomy":"dipi_cpt_category","embeddable":true,"href":"https:\/\/www.espaimoble.com\/es\/wp-json\/wp\/v2\/dipi_cpt_category?post=8530"}],"curies":[{"name":"wp","href":"https:\/\/api.w.org\/{rel}","templated":true}]}}