{"id":8519,"date":"2016-07-07T11:26:36","date_gmt":"2016-07-07T11:26:36","guid":{"rendered":"https:\/\/www.espaimoble.com\/2018\/01\/29\/cama-cuna-en-oferta-vendido\/"},"modified":"2018-01-31T09:19:20","modified_gmt":"2018-01-31T09:19:20","slug":"cama-cuna-en-oferta-vendido","status":"publish","type":"post","link":"https:\/\/www.espaimoble.com\/es\/2016\/07\/07\/cama-cuna-en-oferta-vendido\/","title":{"rendered":"Cama cuna en oferta (vendido)"},"content":{"rendered":"<p>[et_pb_section fb_built=&#8221;1&#8243; _builder_version=&#8221;3.0.47&#8243;][et_pb_row _builder_version=&#8221;3.0.47&#8243; background_size=&#8221;initial&#8221; background_position=&#8221;top_left&#8221; background_repeat=&#8221;repeat&#8221;][et_pb_column type=&#8221;4_4&#8243; _builder_version=&#8221;3.0.47&#8243; parallax=&#8221;off&#8221; parallax_method=&#8221;on&#8221;][et_pb_text _builder_version=&#8221;3.0.98&#8243; background_size=&#8221;initial&#8221; background_position=&#8221;top_left&#8221; background_repeat=&#8221;repeat&#8221;]<\/p>\n<h2>La habitaci\u00f3n que crece con tu hijo\/a<\/h2>\n<p>Si has venido a la tienda ya sabes que estamos haciendo reformas. Esta vez el cambio de exposici\u00f3n hace que tengamos que hacer obras por que nos hemos inventado un piso dentro de Espai Moble. Todo ello justifica que el rinc\u00f3n que ahora ocupa la cuna convertible en cama la tengamos que liberar. As\u00ed que, \u00bflo quieres?<\/p>\n<h2>La cama cuna puede ser tuyo por s\u00f3lo 599\u20ac<\/h2>\n<p>La cama consta de: <strong>cuna, cambiador y cajones modulares que a medida que crece la criatura se convierte en una cama de 2,00m y una habitaci\u00f3n completa<\/strong>a.<\/p>\n<p>Con la transformaci\u00f3n de cuna a cama, los cajones y el cambiador se convierten en una cajonera auxiliar, una estanter\u00eda de pared y una mesa de estudio.<\/p>\n<p>Adem\u00e1s, puedes completar la habitaci\u00f3n con un armario de la misma gama sin problemas porque est\u00e1 pensado para combinarlo con cualquier acabado de textura y \/ o color. As\u00ed nos aseguramos de que cuando crezca la criatura siempre se encuentre a gusto!<\/p>\n<ul>\n<li style=\"list-style-type: none;\">\n<ul><\/ul>\n<\/li>\n<\/ul>\n<p>[\/et_pb_text][\/et_pb_column][\/et_pb_row][et_pb_row _builder_version=&#8221;3.0.98&#8243;][et_pb_column type=&#8221;1_2&#8243; _builder_version=&#8221;3.0.47&#8243; parallax=&#8221;off&#8221; parallax_method=&#8221;on&#8221;][et_pb_image src=&#8221;https:\/\/www.espaimoble.com\/wp-content\/uploads\/2016\/07\/bressol-llit-liquidacio.jpg&#8221; force_fullwidth=&#8221;on&#8221; _builder_version=&#8221;3.0.98&#8243;][\/et_pb_image][\/et_pb_column][et_pb_column type=&#8221;1_2&#8243; _builder_version=&#8221;3.0.47&#8243; parallax=&#8221;off&#8221; parallax_method=&#8221;on&#8221;][et_pb_image src=&#8221;https:\/\/www.espaimoble.com\/wp-content\/uploads\/2016\/07\/bressol-llit-liquidacio3.jpg&#8221; _builder_version=&#8221;3.0.98&#8243;][\/et_pb_image][\/et_pb_column][\/et_pb_row][et_pb_row _builder_version=&#8221;3.0.98&#8243;][et_pb_column type=&#8221;1_2&#8243; _builder_version=&#8221;3.0.47&#8243; parallax=&#8221;off&#8221; parallax_method=&#8221;on&#8221;][et_pb_image src=&#8221;https:\/\/www.espaimoble.com\/wp-content\/uploads\/2016\/07\/bressol-llit-liquidacio2.jpg&#8221; force_fullwidth=&#8221;on&#8221; _builder_version=&#8221;3.0.98&#8243;][\/et_pb_image][et_pb_text _builder_version=&#8221;3.0.98&#8243;]<\/p>\n<p><span style=\"text-decoration: underline;\">PRECIO: 599\u20ac IVA incluido<\/span><\/p>\n<p>[\/et_pb_text][\/et_pb_column][et_pb_column type=&#8221;1_2&#8243; _builder_version=&#8221;3.0.47&#8243; parallax=&#8221;off&#8221; parallax_method=&#8221;on&#8221;][et_pb_image src=&#8221;https:\/\/www.espaimoble.com\/wp-content\/uploads\/2016\/07\/bressol-llit-liquidacio4.jpg&#8221; _builder_version=&#8221;3.0.98&#8243;][\/et_pb_image][et_pb_text _builder_version=&#8221;3.0.98&#8243;]<\/p>\n<p><span style=\"text-decoration: underline;\">Incluye:<\/span><\/p>\n<ul>\n<li>Estructura de cama<\/li>\n<li>Barandilla<\/li>\n<li>Cajones inferiores<\/li>\n<li>Buque con cajones<\/li>\n<li>Estanter\u00eda abierta<\/li>\n<li>Sobre cambiador convertible en mesa de estudio<\/li>\n<\/ul>\n<p>[\/et_pb_text][\/et_pb_column][\/et_pb_row][et_pb_row _builder_version=&#8221;3.0.98&#8243;][et_pb_column type=&#8221;1_2&#8243; _builder_version=&#8221;3.0.47&#8243; parallax=&#8221;off&#8221; parallax_method=&#8221;on&#8221;][et_pb_text _builder_version=&#8221;3.0.98&#8243;]<\/p>\n<h2>RESERVA TU VISITA<\/h2>\n<p>[contact-form-7 id=&#8221;2818&#8243;]<br \/>\n[\/et_pb_text][\/et_pb_column][et_pb_column type=&#8221;1_2&#8243; _builder_version=&#8221;3.0.47&#8243; parallax=&#8221;off&#8221; parallax_method=&#8221;on&#8221;][et_pb_text _builder_version=&#8221;3.0.98&#8243;]<\/p>\n<h2>DIRECCI\u00d3N<\/h2>\n<p>Av. Cubelles 33-35<br \/>\nVilanova i la Geltr\u00fa<br \/>\nBarcelona<br \/>\nTel 93 815 20 31<br \/>\n[\/et_pb_text][et_pb_text _builder_version=&#8221;3.0.98&#8243;]<\/p>\n<h2>HORARIOS<\/h2>\n<ul>\n<li>Lunes:\n<ul>\n<li>tardes de 16:30h a 20.00h<\/li>\n<\/ul>\n<\/li>\n<li>Martes a Viernes:\n<ul>\n<li>ma\u00f1anas de 10:00 h a 13:30 h<\/li>\n<li>tardes de 16:30 h a 20.00h<\/li>\n<\/ul>\n<\/li>\n<li>S\u00e1bados:\n<ul>\n<li>ma\u00f1anas de 10:00 h a 13:30 h<\/li>\n<\/ul>\n<\/li>\n<\/ul>\n<p>[\/et_pb_text][\/et_pb_column][\/et_pb_row][\/et_pb_section]<\/p>\n","protected":false},"excerpt":{"rendered":"<p>Si has venido a la tienda ya sabes que estamos haciendo reformas. Esta vez el cambio de exposici\u00f3n hace que tengamos que hacer obras por que nos hemos inventado un piso dentro de Espai Moble. Todo ello justifica que el rinc\u00f3n que ahora ocupa la cuna convertible en cama lo tengamos que liberar. As\u00ed que, \u00bflo quieres?<\/p>\n","protected":false},"author":9,"featured_media":7273,"comment_status":"open","ping_status":"open","sticky":false,"template":"","format":"standard","meta":{"_et_pb_use_builder":"on","_et_pb_old_content":"<p>[vc_row][vc_column][vc_column_text]<\/p><h2>L'habitaci\u00f3 que creix amb el teu fill\/a<\/h2><p>Si has vingut a la botiga ja saps que estem fent reformes. Aquesta vegada el canvi d'exposici\u00f3 fa que haguem de fer obres perqu\u00e8 ens hem inventat un pis dins d'Espai Moble. Tot aix\u00f2 justifica que el rac\u00f3 que ara ocupa el bressol convertible en llit l'haguem d'alliberar. Aix\u00ed que, el vols?<\/p><h2>El llit bressol pot ser teu per nom\u00e9s 599\u20ac<\/h2><p>El llit consta de: <strong>bressol, canviador i calaixos modulars que a mesura que creix la criatura es converteix en un llit de 2,00m i una habitaci\u00f3 complet<\/strong>a.<\/p><p>Amb la transformaci\u00f3 de bressol a llit, els calaixos i el canviador esdevenen una calaixera auxiliar, una estanteria de paret i una taula d'estudi.<\/p><p>A m\u00e9s, pots completar l'habitaci\u00f3 amb un armari de la mateixa gamma sense problemes perqu\u00e8 est\u00e0 pensat per combinar-hi qualsevol acabat de textura i\/o color. Aix\u00ed ens assegurem que quan creixi la criatura sempre s'hi trobi a gust![\/vc_column_text][vc_row_inner][vc_column_inner width=\"1\/4\"][vc_single_image image=\"7273\" img_size=\"large\" alignment=\"center\" onclick=\"link_image\"][\/vc_column_inner][vc_column_inner width=\"1\/4\"][vc_single_image image=\"7276\" img_size=\"large\" alignment=\"center\" onclick=\"link_image\"][\/vc_column_inner][vc_column_inner width=\"1\/4\"][vc_single_image image=\"7275\" img_size=\"large\" alignment=\"center\" onclick=\"link_image\"][\/vc_column_inner][vc_column_inner width=\"1\/4\"][vc_single_image image=\"7274\" img_size=\"large\" alignment=\"center\" onclick=\"link_image\"][\/vc_column_inner][\/vc_row_inner][vc_row_inner][vc_column_inner width=\"1\/4\"][\/vc_column_inner][vc_column_inner width=\"1\/4\"][vc_column_text]<span style=\"text-decoration: underline;\">PREU: 599\u20ac IVA incl\u00f2s<\/span>[\/vc_column_text][\/vc_column_inner][vc_column_inner width=\"1\/4\"][vc_column_text]<span style=\"text-decoration: underline;\">Inclou:<\/span><\/p><ul><li>Estructura de llit<\/li><li>Barana<\/li><li>Calaixos inferiors<\/li><li>Buc amb calaixos<\/li><li>Estanteria oberta<\/li><li>Sobre canviador convertible en taula d'estudi<\/li><\/ul><p>[\/vc_column_text][\/vc_column_inner][vc_column_inner width=\"1\/4\"][\/vc_column_inner][\/vc_row_inner][\/vc_column][\/vc_row][vc_row][vc_column width=\"1\/2\"][vc_text_separator title=\"Contacta i reserva\"][contact-form-7 id=\"2818\" title=\"Contacta i reserva!\"][\/vc_column][vc_column width=\"1\/2\"][vc_column_text]<\/p><h3>Adre\u00e7a<\/h3><p>Av. Cubelles 33-35<br \/> Vilanova i la Geltr\u00fa<br \/> Barcelona<br \/> Tel 93 815 20 31<\/p><h3>Horaris<\/h3><ul><li>Dilluns:<ul><li>tardes de 16.30:00 h a 20.00h<\/li><\/ul><\/li><li>Dimarts a Divendres:<ul><li>matins de 10:00 h a 13:30 h<\/li><li>tardes de 16:30 h a 20.00h<\/li><\/ul><\/li><li>Dissabtes:<ul><li>matins de 10:00 h a 13:30 h<\/li><\/ul><\/li><\/ul><p>[\/vc_column_text][\/vc_column][\/vc_row][vc_row][vc_column][\/vc_column][\/vc_row]<\/p>","_et_gb_content_width":"","footnotes":""},"categories":[184],"tags":[165,169,167,163],"dipi_cpt_category":[],"class_list":["post-8519","post","type-post","status-publish","format-standard","has-post-thumbnail","hentry","category-sin-categorizar","tag-bressol","tag-habitacio-infantil","tag-habitacio-juvenil","tag-llit"],"_links":{"self":[{"href":"https:\/\/www.espaimoble.com\/es\/wp-json\/wp\/v2\/posts\/8519","targetHints":{"allow":["GET"]}}],"collection":[{"href":"https:\/\/www.espaimoble.com\/es\/wp-json\/wp\/v2\/posts"}],"about":[{"href":"https:\/\/www.espaimoble.com\/es\/wp-json\/wp\/v2\/types\/post"}],"author":[{"embeddable":true,"href":"https:\/\/www.espaimoble.com\/es\/wp-json\/wp\/v2\/users\/9"}],"replies":[{"embeddable":true,"href":"https:\/\/www.espaimoble.com\/es\/wp-json\/wp\/v2\/comments?post=8519"}],"version-history":[{"count":8,"href":"https:\/\/www.espaimoble.com\/es\/wp-json\/wp\/v2\/posts\/8519\/revisions"}],"predecessor-version":[{"id":8588,"href":"https:\/\/www.espaimoble.com\/es\/wp-json\/wp\/v2\/posts\/8519\/revisions\/8588"}],"wp:featuredmedia":[{"embeddable":true,"href":"https:\/\/www.espaimoble.com\/es\/wp-json\/wp\/v2\/media\/7273"}],"wp:attachment":[{"href":"https:\/\/www.espaimoble.com\/es\/wp-json\/wp\/v2\/media?parent=8519"}],"wp:term":[{"taxonomy":"category","embeddable":true,"href":"https:\/\/www.espaimoble.com\/es\/wp-json\/wp\/v2\/categories?post=8519"},{"taxonomy":"post_tag","embeddable":true,"href":"https:\/\/www.espaimoble.com\/es\/wp-json\/wp\/v2\/tags?post=8519"},{"taxonomy":"dipi_cpt_category","embeddable":true,"href":"https:\/\/www.espaimoble.com\/es\/wp-json\/wp\/v2\/dipi_cpt_category?post=8519"}],"curies":[{"name":"wp","href":"https:\/\/api.w.org\/{rel}","templated":true}]}}