{"id":7810,"date":"2017-09-27T14:41:17","date_gmt":"2017-09-27T14:41:17","guid":{"rendered":"https:\/\/www.espaimoble.com\/?p=7810"},"modified":"2024-01-18T11:17:11","modified_gmt":"2024-01-18T11:17:11","slug":"piso-dormitorio-salon","status":"publish","type":"post","link":"https:\/\/www.espaimoble.com\/es\/2017\/09\/27\/piso-dormitorio-salon\/","title":{"rendered":"Un piso entero, la nueva exposici\u00f3n en tienda"},"content":{"rendered":"<p>[et_pb_section fb_built=&#8221;1&#8243; _builder_version=&#8221;4.16&#8243; global_colors_info=&#8221;{}&#8221;][et_pb_row _builder_version=&#8221;4.16&#8243; background_size=&#8221;initial&#8221; background_position=&#8221;top_left&#8221; background_repeat=&#8221;repeat&#8221; global_colors_info=&#8221;{}&#8221;][et_pb_column type=&#8221;4_4&#8243; _builder_version=&#8221;4.16&#8243; custom_padding=&#8221;|||&#8221; global_colors_info=&#8221;{}&#8221; custom_padding__hover=&#8221;|||&#8221;][et_pb_text _builder_version=&#8221;4.16&#8243; global_colors_info=&#8221;{}&#8221;]Este oto\u00f1o hemos hecho cambios en casa. Para darte ideas y inspiraci\u00f3n. Queremos ense\u00f1arte que podemos llegar a todas las estancias de tu casa: el dormitorio, sala de estar, pasillo&#8230;<\/p>\n<p>Por eso hemos reconvertido parte del espacio de la tienda en un piso. Y ya que estamos, la hemos ambientado de temporada.<\/p>\n<p>La decoraci\u00f3n nos debe ayudar a crear un ambiente c\u00e1lido y confortable. La luz empieza a bajar y es ah\u00ed cuando debemos saber qu\u00e9 muebles y decoraci\u00f3n combinar. Las tendencias de este oto\u00f1o 2017 se basan en la calidez y la coloraci\u00f3n. Las tonalidades b\u00e1sicas son los rojos, amarillos o naranjas, beiges, rosas y ocres.<br \/>\n[\/et_pb_text][et_pb_text _builder_version=&#8221;4.21.0&#8243; hover_enabled=&#8221;0&#8243; global_colors_info=&#8221;{}&#8221; sticky_enabled=&#8221;0&#8243;]<\/p>\n<h2>ARMARIO, DORMITORIO I SALON&#8230;<\/h2>\n<p>[\/et_pb_text][et_pb_text _builder_version=&#8221;4.16&#8243; global_colors_info=&#8221;{}&#8221;]<strong>Te dejamos las fotos de la composici\u00f3n que hemos hecho en la tienda<\/strong>. Hemos creado un dormitorio donde predominan los colores c\u00e1lidos, el comedor es coloreado con unos armarios de fondo de madera que dan un punto vintage y finalmente un sof\u00e1 beige. Esperamos que te guste tanto, que vengas a vernos![\/et_pb_text][\/et_pb_column][\/et_pb_row][et_pb_row _builder_version=&#8221;4.16&#8243; global_colors_info=&#8221;{}&#8221; column_structure=&#8221;1_3,1_3,1_3&#8243;][et_pb_column type=&#8221;1_3&#8243; _builder_version=&#8221;4.16&#8243; custom_padding=&#8221;|||&#8221; global_colors_info=&#8221;{}&#8221; custom_padding__hover=&#8221;|||&#8221;][et_pb_image src=&#8221;https:\/\/www.espaimoble.com\/wp-content\/uploads\/2017\/09\/WhatsApp-Image-2017-09-18-at-11.20.14.jpeg&#8221; force_fullwidth=&#8221;on&#8221; align_tablet=&#8221;center&#8221; align_last_edited=&#8221;on|desktop&#8221; _builder_version=&#8221;4.16&#8243; global_colors_info=&#8221;{}&#8221; align_phone=&#8221;center&#8221;][\/et_pb_image][\/et_pb_column][et_pb_column type=&#8221;1_3&#8243; _builder_version=&#8221;4.16&#8243; custom_padding=&#8221;|||&#8221; global_colors_info=&#8221;{}&#8221; custom_padding__hover=&#8221;|||&#8221;][et_pb_image src=&#8221;https:\/\/www.espaimoble.com\/wp-content\/uploads\/2017\/09\/WhatsApp-Image-2017-09-18-at-11.20.13.jpeg&#8221; align_tablet=&#8221;center&#8221; align_last_edited=&#8221;on|desktop&#8221; _builder_version=&#8221;4.16&#8243; global_colors_info=&#8221;{}&#8221; align_phone=&#8221;center&#8221;][\/et_pb_image][\/et_pb_column][et_pb_column type=&#8221;1_3&#8243; _builder_version=&#8221;4.16&#8243; custom_padding=&#8221;|||&#8221; global_colors_info=&#8221;{}&#8221; custom_padding__hover=&#8221;|||&#8221;][et_pb_image src=&#8221;https:\/\/www.espaimoble.com\/wp-content\/uploads\/2017\/09\/WhatsApp-Image-2017-09-18-at-11.20.11.jpeg&#8221; align_tablet=&#8221;center&#8221; align_last_edited=&#8221;on|desktop&#8221; _builder_version=&#8221;4.16&#8243; global_colors_info=&#8221;{}&#8221; align_phone=&#8221;center&#8221;][\/et_pb_image][\/et_pb_column][\/et_pb_row][et_pb_row _builder_version=&#8221;4.16&#8243; global_colors_info=&#8221;{}&#8221; column_structure=&#8221;1_3,1_3,1_3&#8243;][et_pb_column type=&#8221;1_3&#8243; _builder_version=&#8221;4.16&#8243; custom_padding=&#8221;|||&#8221; global_colors_info=&#8221;{}&#8221; custom_padding__hover=&#8221;|||&#8221;][et_pb_image src=&#8221;https:\/\/www.espaimoble.com\/wp-content\/uploads\/2017\/09\/WhatsApp-Image-2017-09-18-at-11.20.11-1.jpeg&#8221; align_tablet=&#8221;center&#8221; align_last_edited=&#8221;on|desktop&#8221; _builder_version=&#8221;4.16&#8243; global_colors_info=&#8221;{}&#8221; align_phone=&#8221;center&#8221;][\/et_pb_image][\/et_pb_column][et_pb_column type=&#8221;1_3&#8243; _builder_version=&#8221;4.16&#8243; custom_padding=&#8221;|||&#8221; global_colors_info=&#8221;{}&#8221; custom_padding__hover=&#8221;|||&#8221;][et_pb_image src=&#8221;https:\/\/www.espaimoble.com\/wp-content\/uploads\/2017\/09\/WhatsApp-Image-2017-09-18-at-11.20.09.jpeg&#8221; align_tablet=&#8221;center&#8221; align_last_edited=&#8221;on|desktop&#8221; _builder_version=&#8221;4.16&#8243; global_colors_info=&#8221;{}&#8221; align_phone=&#8221;center&#8221;][\/et_pb_image][\/et_pb_column][et_pb_column type=&#8221;1_3&#8243; _builder_version=&#8221;4.16&#8243; custom_padding=&#8221;|||&#8221; global_colors_info=&#8221;{}&#8221; custom_padding__hover=&#8221;|||&#8221;][et_pb_image src=&#8221;https:\/\/www.espaimoble.com\/wp-content\/uploads\/2017\/09\/WhatsApp-Image-2017-09-18-at-11.20.08.jpeg&#8221; align_tablet=&#8221;center&#8221; align_last_edited=&#8221;on|desktop&#8221; _builder_version=&#8221;4.16&#8243; global_colors_info=&#8221;{}&#8221; align_phone=&#8221;center&#8221;][\/et_pb_image][\/et_pb_column][\/et_pb_row][et_pb_row _builder_version=&#8221;4.16&#8243; global_colors_info=&#8221;{}&#8221; column_structure=&#8221;1_2,1_2&#8243;][et_pb_column type=&#8221;1_2&#8243; _builder_version=&#8221;4.16&#8243; custom_padding=&#8221;|||&#8221; global_colors_info=&#8221;{}&#8221; custom_padding__hover=&#8221;|||&#8221;][et_pb_text _builder_version=&#8221;4.16&#8243; global_colors_info=&#8221;{}&#8221;]<\/p>\n<h2>RESERVA TU VISITA<\/h2>\n<p>[contact-form-7 id=&#8221;2818&#8243;]<br \/>\n[\/et_pb_text][\/et_pb_column][et_pb_column type=&#8221;1_2&#8243; _builder_version=&#8221;4.16&#8243; custom_padding=&#8221;|||&#8221; global_colors_info=&#8221;{}&#8221; custom_padding__hover=&#8221;|||&#8221;][et_pb_text _builder_version=&#8221;4.16&#8243; global_colors_info=&#8221;{}&#8221;]<\/p>\n<h2>DIRECCI\u00d3N<\/h2>\n<p>Av. Cubelles 33-35<br \/>\nVilanova i la Geltr\u00fa<br \/>\nBarcelona<br \/>\nTel 93 815 20 31<br \/>\n[\/et_pb_text][et_pb_text _builder_version=&#8221;4.16&#8243; global_colors_info=&#8221;{}&#8221;]<\/p>\n<h2>HORARIOS<\/h2>\n<ul>\n<li>Lunes:\n<ul>\n<li>tardes de 16:30h a 20.00h<\/li>\n<\/ul>\n<\/li>\n<li>Martes a Viernes:\n<ul>\n<li>ma\u00f1anas de 10:00 h a 13:30 h<\/li>\n<li>tardes de 16:30 h a 20.00h<\/li>\n<\/ul>\n<\/li>\n<li>S\u00e1bados:\n<ul>\n<li>ma\u00f1anas de 10:00 h a 13:30 h<\/li>\n<\/ul>\n<\/li>\n<\/ul>\n<p>[\/et_pb_text][\/et_pb_column][\/et_pb_row][\/et_pb_section]<\/p>\n","protected":false},"excerpt":{"rendered":"<p>Espai Moble no solo son soluciones para habitaciones juveniles. Tambi\u00e9n mobiliario para toda la casa. \u00a1Visita nuestra nueva exposici\u00f3n en la tienda!<\/p>\n","protected":false},"author":3,"featured_media":7791,"comment_status":"closed","ping_status":"closed","sticky":false,"template":"","format":"standard","meta":{"_et_pb_use_builder":"on","_et_pb_old_content":"","_et_gb_content_width":"","footnotes":""},"categories":[198],"tags":[],"dipi_cpt_category":[],"class_list":["post-7810","post","type-post","status-publish","format-standard","has-post-thumbnail","hentry","category-el-dia-a-dia-es"],"_links":{"self":[{"href":"https:\/\/www.espaimoble.com\/es\/wp-json\/wp\/v2\/posts\/7810","targetHints":{"allow":["GET"]}}],"collection":[{"href":"https:\/\/www.espaimoble.com\/es\/wp-json\/wp\/v2\/posts"}],"about":[{"href":"https:\/\/www.espaimoble.com\/es\/wp-json\/wp\/v2\/types\/post"}],"author":[{"embeddable":true,"href":"https:\/\/www.espaimoble.com\/es\/wp-json\/wp\/v2\/users\/3"}],"replies":[{"embeddable":true,"href":"https:\/\/www.espaimoble.com\/es\/wp-json\/wp\/v2\/comments?post=7810"}],"version-history":[{"count":11,"href":"https:\/\/www.espaimoble.com\/es\/wp-json\/wp\/v2\/posts\/7810\/revisions"}],"predecessor-version":[{"id":16549,"href":"https:\/\/www.espaimoble.com\/es\/wp-json\/wp\/v2\/posts\/7810\/revisions\/16549"}],"wp:featuredmedia":[{"embeddable":true,"href":"https:\/\/www.espaimoble.com\/es\/wp-json\/wp\/v2\/media\/7791"}],"wp:attachment":[{"href":"https:\/\/www.espaimoble.com\/es\/wp-json\/wp\/v2\/media?parent=7810"}],"wp:term":[{"taxonomy":"category","embeddable":true,"href":"https:\/\/www.espaimoble.com\/es\/wp-json\/wp\/v2\/categories?post=7810"},{"taxonomy":"post_tag","embeddable":true,"href":"https:\/\/www.espaimoble.com\/es\/wp-json\/wp\/v2\/tags?post=7810"},{"taxonomy":"dipi_cpt_category","embeddable":true,"href":"https:\/\/www.espaimoble.com\/es\/wp-json\/wp\/v2\/dipi_cpt_category?post=7810"}],"curies":[{"name":"wp","href":"https:\/\/api.w.org\/{rel}","templated":true}]}}