{"id":7357,"date":"2016-10-26T08:08:45","date_gmt":"2016-10-26T08:08:45","guid":{"rendered":"https:\/\/www.espaimoble.com\/?p=7357"},"modified":"2018-01-31T09:18:46","modified_gmt":"2018-01-31T09:18:46","slug":"proyectos-hechos-a-medida-2","status":"publish","type":"post","link":"https:\/\/www.espaimoble.com\/es\/2016\/10\/26\/proyectos-hechos-a-medida-2\/","title":{"rendered":"PROYECTOS HECHOS A MEDIDA"},"content":{"rendered":"<p>[et_pb_section fb_built=&#8221;1&#8243; _builder_version=&#8221;3.0.47&#8243;][et_pb_row _builder_version=&#8221;3.0.47&#8243; background_size=&#8221;initial&#8221; background_position=&#8221;top_left&#8221; background_repeat=&#8221;repeat&#8221;][et_pb_column type=&#8221;4_4&#8243; _builder_version=&#8221;3.0.47&#8243; parallax=&#8221;off&#8221; parallax_method=&#8221;on&#8221;][et_pb_text _builder_version=&#8221;3.0.98&#8243; background_size=&#8221;initial&#8221; background_position=&#8221;top_left&#8221; background_repeat=&#8221;repeat&#8221;]<\/p>\n<p>En Espai Moble no s\u00f3lo somos distribuidores de las mejores marcas de mobiliario juvenil, sino que hemos desarrollado una <strong>l\u00ednea propia para las soluciones a medida<\/strong>.<br \/> A continuaci\u00f3n os ense\u00f1amos alguno de los dise\u00f1os que hemos creado, los proyectos en 3D y en color. As\u00ed es m\u00e1s f\u00e1cil hacerse una idea de c\u00f3mo quedar\u00e1 una habitaci\u00f3n o comedor y saber si los colores son apropiados o no.<\/p>\n<p><strong>Podemos hacer habitaciones y comedores al gusto de todos. Y en 3D! Aqu\u00ed tienes la muestra:<\/strong><\/p>\n<p>[\/et_pb_text][\/et_pb_column][\/et_pb_row][et_pb_row _builder_version=&#8221;3.0.98&#8243;][et_pb_column type=&#8221;1_2&#8243; _builder_version=&#8221;3.0.98&#8243; parallax=&#8221;off&#8221; parallax_method=&#8221;on&#8221;][et_pb_text _builder_version=&#8221;3.0.98&#8243;]<\/p>\n<p><strong><a href=\"https:\/\/www.espaimoble.com\/wp-content\/uploads\/2018\/01\/juvenil-espai-moble-768x768.jpg\"><img loading=\"lazy\" decoding=\"async\" src=\"https:\/\/www.espaimoble.com\/wp-content\/uploads\/2018\/01\/juvenil-espai-moble-768x768-300x300.jpg\" width=\"300\" height=\"300\" alt=\"Habitaci\u00f3 juvenil\" class=\"wp-image-8345 alignnone size-medium\" style=\"display: block; margin-left: auto; margin-right: auto;\" srcset=\"https:\/\/www.espaimoble.com\/wp-content\/uploads\/2018\/01\/juvenil-espai-moble-768x768-300x300.jpg 300w, https:\/\/www.espaimoble.com\/wp-content\/uploads\/2018\/01\/juvenil-espai-moble-768x768-150x150.jpg 150w, https:\/\/www.espaimoble.com\/wp-content\/uploads\/2018\/01\/juvenil-espai-moble-768x768.jpg 768w, https:\/\/www.espaimoble.com\/wp-content\/uploads\/2018\/01\/juvenil-espai-moble-768x768-250x250.jpg 250w, https:\/\/www.espaimoble.com\/wp-content\/uploads\/2018\/01\/juvenil-espai-moble-768x768-45x45.jpg 45w\" sizes=\"(max-width: 300px) 100vw, 300px\" \/><\/a><\/strong><\/p>\n<p><strong>Habitaci\u00f3n juvenil.<\/strong><\/p>\n<p>Mesa de estudio totalmente equipada y detr\u00e1s de esta podemos ver dos camas.<br \/> Esta es una manera f\u00e1cil de ocupar bien el espacio de una habitaci\u00f3n enfocada para j\u00f3venes. Podr\u00eda ser una soluci\u00f3n perfecta para dos hermanos que comparten la misma habitaci\u00f3n.<\/p>\n<p>[\/et_pb_text][\/et_pb_column][et_pb_column type=&#8221;1_2&#8243; _builder_version=&#8221;3.0.98&#8243; parallax=&#8221;off&#8221; parallax_method=&#8221;on&#8221;][et_pb_text _builder_version=&#8221;3.0.98&#8243;]<\/p>\n<p><strong><a href=\"https:\/\/www.espaimoble.com\/wp-content\/uploads\/2018\/01\/juvenil222-picmonkey-collage-768x768.jpg\"><img loading=\"lazy\" decoding=\"async\" src=\"https:\/\/www.espaimoble.com\/wp-content\/uploads\/2018\/01\/juvenil222-picmonkey-collage-768x768-300x300.jpg\" width=\"300\" height=\"300\" alt=\"Habitaci\u00f3 Juvenil Espai Moble\" class=\"wp-image-8346 alignnone size-medium\" style=\"display: block; margin-left: auto; margin-right: auto;\" srcset=\"https:\/\/www.espaimoble.com\/wp-content\/uploads\/2018\/01\/juvenil222-picmonkey-collage-768x768-300x300.jpg 300w, https:\/\/www.espaimoble.com\/wp-content\/uploads\/2018\/01\/juvenil222-picmonkey-collage-768x768-150x150.jpg 150w, https:\/\/www.espaimoble.com\/wp-content\/uploads\/2018\/01\/juvenil222-picmonkey-collage-768x768.jpg 768w, https:\/\/www.espaimoble.com\/wp-content\/uploads\/2018\/01\/juvenil222-picmonkey-collage-768x768-250x250.jpg 250w, https:\/\/www.espaimoble.com\/wp-content\/uploads\/2018\/01\/juvenil222-picmonkey-collage-768x768-45x45.jpg 45w\" sizes=\"(max-width: 300px) 100vw, 300px\" \/><\/a><\/strong><\/p>\n<p><strong>Habitaci\u00f3 juvenil.<\/strong><\/p>\n<p>En este proyecto podemos ver como de una habitaci\u00f3n peque\u00f1a hemos aprovechado todo el espacio disponible para montarla y dise\u00f1arla para j\u00f3venes. A mano derecha tocando la cama hemos aprovechado para poner una mesa de estudio y a mano izquierda los armarios. <br \/> Los espacios peque\u00f1os deben dise\u00f1arse para que queden espaciosos y a la vez sean \u00fatiles.<\/p>\n<p>[\/et_pb_text][\/et_pb_column][\/et_pb_row][et_pb_row _builder_version=&#8221;3.0.98&#8243;][et_pb_column type=&#8221;1_2&#8243; _builder_version=&#8221;3.0.98&#8243; parallax=&#8221;off&#8221; parallax_method=&#8221;on&#8221;][et_pb_text _builder_version=&#8221;3.0.98&#8243;]<\/p>\n<p><strong><a href=\"https:\/\/www.espaimoble.com\/wp-content\/uploads\/2018\/01\/despatxpicmonkey-collage-estanteria-768x768.jpg\"><img loading=\"lazy\" decoding=\"async\" src=\"https:\/\/www.espaimoble.com\/wp-content\/uploads\/2018\/01\/despatxpicmonkey-collage-estanteria-768x768-300x300.jpg\" width=\"300\" height=\"300\" alt=\"Despatx Espai Moble\" class=\"wp-image-8347 alignnone size-medium\" style=\"display: block; margin-left: auto; margin-right: auto;\" srcset=\"https:\/\/www.espaimoble.com\/wp-content\/uploads\/2018\/01\/despatxpicmonkey-collage-estanteria-768x768-300x300.jpg 300w, https:\/\/www.espaimoble.com\/wp-content\/uploads\/2018\/01\/despatxpicmonkey-collage-estanteria-768x768-150x150.jpg 150w, https:\/\/www.espaimoble.com\/wp-content\/uploads\/2018\/01\/despatxpicmonkey-collage-estanteria-768x768.jpg 768w, https:\/\/www.espaimoble.com\/wp-content\/uploads\/2018\/01\/despatxpicmonkey-collage-estanteria-768x768-250x250.jpg 250w, https:\/\/www.espaimoble.com\/wp-content\/uploads\/2018\/01\/despatxpicmonkey-collage-estanteria-768x768-45x45.jpg 45w\" sizes=\"(max-width: 300px) 100vw, 300px\" \/><\/a><\/strong><\/p>\n<p><strong>Despacho.<\/strong><\/p>\n<p>Estanter\u00eda grande que ocupa toda la pared central. Tabla de estudio adjuntada. La pared complementaria se reserva para el armario.<\/p>\n<p>En espacios grandes se puede colocar el mobiliario m\u00e1s f\u00e1cilmente. Esta imagen podr\u00eda ser perfectamente para un despacho de un profesional que necesita espacio para trabajar y almacenamiento para guardar documentaci\u00f3n.<\/p>\n<p>[\/et_pb_text][\/et_pb_column][et_pb_column type=&#8221;1_2&#8243; _builder_version=&#8221;3.0.98&#8243; parallax=&#8221;off&#8221; parallax_method=&#8221;on&#8221;][et_pb_text _builder_version=&#8221;3.0.98&#8243;]<\/p>\n<p><strong><a href=\"https:\/\/www.espaimoble.com\/wp-content\/uploads\/2018\/01\/menjadorpicmonkey-collage-menjador-768x768.jpg\"><img loading=\"lazy\" decoding=\"async\" src=\"https:\/\/www.espaimoble.com\/wp-content\/uploads\/2018\/01\/menjadorpicmonkey-collage-menjador-768x768-300x300.jpg\" width=\"300\" height=\"300\" alt=\"Menjador Espai Moble\" class=\"wp-image-8348 alignnone size-medium\" style=\"display: block; margin-left: auto; margin-right: auto;\" srcset=\"https:\/\/www.espaimoble.com\/wp-content\/uploads\/2018\/01\/menjadorpicmonkey-collage-menjador-768x768-300x300.jpg 300w, https:\/\/www.espaimoble.com\/wp-content\/uploads\/2018\/01\/menjadorpicmonkey-collage-menjador-768x768-150x150.jpg 150w, https:\/\/www.espaimoble.com\/wp-content\/uploads\/2018\/01\/menjadorpicmonkey-collage-menjador-768x768.jpg 768w, https:\/\/www.espaimoble.com\/wp-content\/uploads\/2018\/01\/menjadorpicmonkey-collage-menjador-768x768-250x250.jpg 250w, https:\/\/www.espaimoble.com\/wp-content\/uploads\/2018\/01\/menjadorpicmonkey-collage-menjador-768x768-45x45.jpg 45w\" sizes=\"(max-width: 300px) 100vw, 300px\" \/><\/a><\/strong><\/p>\n<p><strong>Comedor.<\/strong><\/p>\n<p>Espacio amplio con todos los elementos de comedor. Se puede apreciar c\u00f3mo salvar las columnas y otros elementos que a prriori dificultan una visi\u00f3n clara del proyecto.<\/p>\n<p>En este tipo de proyectos, podemos incluir los muebles que uno tiene en casa para que vea si realmente los cambios que quiere hacer quedan bien o no. Los colores tambi\u00e9n son definidos por cada uno y se pueden hacer cambios una vez presentado el proyecto.<br \/> En Espai moble\u00a0cada proyecto es hecho a medida, sabemos que las necesidades son diferentes.<\/p>\n<p>[\/et_pb_text][\/et_pb_column][\/et_pb_row][et_pb_row _builder_version=&#8221;3.0.98&#8243;][et_pb_column type=&#8221;4_4&#8243; _builder_version=&#8221;3.0.98&#8243; parallax=&#8221;off&#8221; parallax_method=&#8221;on&#8221;][et_pb_text _builder_version=&#8221;3.0.98&#8243;]<\/p>\n<p><span>En este tipo de proyectos, podemos incluir los muebles que uno tiene en casa para que vea si realmente los cambios que quiere hacer quedan bien o no. Los colores tambi\u00e9n son definidos por cada uno y se pueden hacer cambios una vez presentado el proyecto.<\/span><br \/><span>En Espai moble\u00a0cada proyecto est\u00e1 hecho a medida, sabemos que las necesidades son diferentes.<\/span><\/p>\n<p>[\/et_pb_text][\/et_pb_column][\/et_pb_row][\/et_pb_section]<\/p>\n","protected":false},"excerpt":{"rendered":"<p>En Espai Moble hemos desarrollado una l\u00ednea propia para las soluciones a medida. A continuaci\u00f3n os ense\u00f1amos alguno de los proyectos en 3D y en color.<\/p>\n","protected":false},"author":3,"featured_media":7339,"comment_status":"open","ping_status":"open","sticky":false,"template":"","format":"standard","meta":{"_et_pb_use_builder":"on","_et_pb_old_content":"<p>[vc_row][vc_column][vc_column_text]A Espai Moble no nom\u00e9s som distribu\u00efdors de les millors marques de mobiliari juvenil, sin\u00f3 que hem desenvolupat una <strong>l\u00ednia pr\u00f2pia per a les solucions a mida<\/strong>.<br \/> A continuaci\u00f3 us ensenyem algun dels\u00a0dissenys que hem creat, els projectes en 3D i en color. Aix\u00ed \u00e9s m\u00e9s f\u00e0cil fer-se una idea de com quedar\u00e0 una habitaci\u00f3 o menjador i saber si els colors s\u00f3n apropiats o no.<\/p><p><strong>Podem fer habitacions i menjadors al gust de tothom. I en 3D! Aqu\u00ed tens la mostra:<\/strong>[\/vc_column_text][\/vc_column][\/vc_row][vc_row][vc_column][vc_empty_space][\/vc_column][\/vc_row][vc_row][vc_column width=\"1\/2\"][vc_single_image image=\"7332\" img_size=\"large\"][vc_column_text]<strong>Habitaci\u00f3 juvenil.<\/strong><\/p><p>Taula d'estudi totalment equipada i darrere d'aquesta podem veure dos llits.<br \/> Aquesta \u00e9s una manera f\u00e0cil d'ocupar b\u00e9 l'espai d'una habitaci\u00f3 enfocada per a joves. Podria ser una soluci\u00f3\u00a0perfecta\u00a0per a dos germans que comparteixen la mateixa habitaci\u00f3.[\/vc_column_text][\/vc_column][vc_column width=\"1\/2\"][vc_single_image image=\"7335\" img_size=\"large\"][vc_column_text]<strong>Habitaci\u00f3 juvenil.<\/strong><\/p><p>En aquest projecte\u00a0podem veure com d'una habitaci\u00f3 petita hem aprofitat tot l'espai disponible per muntar-la i dissenyar-la per a joves. A m\u00e0 dreta tocant al llit hem aprofitat per posar\u00a0una taula d'estudi i a m\u00e0 esquerra els armaris.<br \/> Els espais petits s'han de dissenyar perqu\u00e8 quedin espaiosos i a la vegada \u00fatils.[\/vc_column_text][\/vc_column][\/vc_row][vc_row][vc_column width=\"1\/2\"][vc_single_image image=\"7337\" img_size=\"large\"][vc_column_text]<strong>Despatx.<\/strong><\/p><p>Estanteria gran que ocupa tota la paret central. Taula d'estudi adjuntada.\u00a0La paret complement\u00e0ria es reserva per l'armari.<\/p><p>En espais grans es pot col\u00b7locar el mobiliari m\u00e9s f\u00e0cilment. Aquesta imatge podria ser perfectament per un despatx d'un professional que necessita espai\u00a0per treballar i emmagatzematge\u00a0per guardar documentaci\u00f3.[\/vc_column_text][\/vc_column][vc_column width=\"1\/2\"][vc_single_image image=\"7339\" img_size=\"large\"][vc_column_text]<strong>Menjador.<\/strong><\/p><p>Espai ampli\u00a0amb tots els elements de menjador. Es pot apreciar com salvar les columnes i altres elements que a prriori dificulten una visi\u00f3 clara del projecte.[\/vc_column_text][\/vc_column][\/vc_row][vc_row][vc_column][vc_column_text]En aquests tipus de projectes, podem incloure els mobles que un t\u00e9 a casa perqu\u00e8 vegi si realment els canvis que vol fer queden b\u00e9 o no. Els colors tamb\u00e9 s\u00f3n definits per cadasc\u00fa i es poden fer canvis un cop presentat el projecte.<br \/> A Espai moble\u00a0cada projecte \u00e9s fet a mida, sabem que les necessitats s\u00f3n diferents.[\/vc_column_text][\/vc_column][\/vc_row]<\/p>","_et_gb_content_width":"","footnotes":""},"categories":[17],"tags":[],"dipi_cpt_category":[],"class_list":["post-7357","post","type-post","status-publish","format-standard","has-post-thumbnail","hentry","category-general-es"],"_links":{"self":[{"href":"https:\/\/www.espaimoble.com\/es\/wp-json\/wp\/v2\/posts\/7357","targetHints":{"allow":["GET"]}}],"collection":[{"href":"https:\/\/www.espaimoble.com\/es\/wp-json\/wp\/v2\/posts"}],"about":[{"href":"https:\/\/www.espaimoble.com\/es\/wp-json\/wp\/v2\/types\/post"}],"author":[{"embeddable":true,"href":"https:\/\/www.espaimoble.com\/es\/wp-json\/wp\/v2\/users\/3"}],"replies":[{"embeddable":true,"href":"https:\/\/www.espaimoble.com\/es\/wp-json\/wp\/v2\/comments?post=7357"}],"version-history":[{"count":8,"href":"https:\/\/www.espaimoble.com\/es\/wp-json\/wp\/v2\/posts\/7357\/revisions"}],"predecessor-version":[{"id":8584,"href":"https:\/\/www.espaimoble.com\/es\/wp-json\/wp\/v2\/posts\/7357\/revisions\/8584"}],"wp:featuredmedia":[{"embeddable":true,"href":"https:\/\/www.espaimoble.com\/es\/wp-json\/wp\/v2\/media\/7339"}],"wp:attachment":[{"href":"https:\/\/www.espaimoble.com\/es\/wp-json\/wp\/v2\/media?parent=7357"}],"wp:term":[{"taxonomy":"category","embeddable":true,"href":"https:\/\/www.espaimoble.com\/es\/wp-json\/wp\/v2\/categories?post=7357"},{"taxonomy":"post_tag","embeddable":true,"href":"https:\/\/www.espaimoble.com\/es\/wp-json\/wp\/v2\/tags?post=7357"},{"taxonomy":"dipi_cpt_category","embeddable":true,"href":"https:\/\/www.espaimoble.com\/es\/wp-json\/wp\/v2\/dipi_cpt_category?post=7357"}],"curies":[{"name":"wp","href":"https:\/\/api.w.org\/{rel}","templated":true}]}}