{"id":15611,"date":"2022-09-08T14:59:16","date_gmt":"2022-09-08T14:59:16","guid":{"rendered":"https:\/\/www.espaimoble.com\/2022\/09\/08\/recursos-para-una-rentree-organizada\/"},"modified":"2022-09-08T14:59:31","modified_gmt":"2022-09-08T14:59:31","slug":"recursos-para-una-rentree-organizada","status":"publish","type":"post","link":"https:\/\/www.espaimoble.com\/es\/2022\/09\/08\/recursos-para-una-rentree-organizada\/","title":{"rendered":"Recursos para una rentr\u00e9e organizada"},"content":{"rendered":"\n<p>Septiembre es sin\u00f3nimo de cambios. Quiz\u00e1 sea el momento perfecto para abordar aquel proyecto de decoraci\u00f3n que hace tiempo te ronda la cabeza o renovar y reorganizar algunos de los espacios de tu hogar.<\/p>\n\n<p>Cada d\u00eda son m\u00e1s los que estudian y trabajan desde casa, que evidentemente necesitan un lugar en el que sentirse c\u00f3modos y refugiados del mundo exterior para ser productivos. Pero, evidentemente, \u00e9stos no son los \u00fanicos a quienes puede resultarles \u00fatil dedicar un espacio de su casa exclusivamente al rendimiento y la creatividad.<\/p>\n\n<h2 class=\"wp-block-heading\">Estudios y librer\u00edas<\/h2>\n\n<p>Cuando hacemos referencia a los espacios de trabajo, hablamos de lugares esenciales para cualquier hogar, ya que son el foco donde volar la mente y ser productivos, sean cuales sean nuestras actividades habituales. Hay que observar todos los componentes hasta el detalle, realizar un an\u00e1lisis previo de la luminosidad, la posible redistribuci\u00f3n, la adaptaci\u00f3n de los m\u00f3dulos, el espacio disponible para almacenar, etc.<\/p>\n\n<p><p>Juntamente con les composiciones juveniles, los <a href=\"https:\/\/www.espaimoble.com\/es\/estudio-librerias\/\">estudos y librer\u00edas<\/a> son especialidades de Espai Moble desde el inicio. Buscamos soluciones c\u00f3modas y originales que se adapten a las necesidades de nuestros clientes, de forma <strong>personalizada<\/strong> y con mucho cuidado.<\/p><\/p>\n\n<p>A continuaci\u00f3n, te damos algunas ideas que f\u00e1cilmente podr\u00edan encajar en tus necesidades:<\/p>\n\n<div class=\"wp-block-columns is-layout-flex wp-container-core-columns-is-layout-9d6595d7 wp-block-columns-is-layout-flex\">\n<div class=\"wp-block-column is-layout-flow wp-block-column-is-layout-flow\">\n<figure class=\"wp-block-image size-large\"><a href=\"https:\/\/www.espaimoble.com\/wp-content\/uploads\/2022\/09\/5.jpg\"><img loading=\"lazy\" decoding=\"async\" width=\"795\" height=\"510\" src=\"https:\/\/www.espaimoble.com\/wp-content\/uploads\/2022\/09\/5.jpg\" alt=\"Estudio y librer&#xED;a - Espai Moble\" class=\"wp-image-15573\" srcset=\"https:\/\/www.espaimoble.com\/wp-content\/uploads\/2022\/09\/5.jpg 795w, https:\/\/www.espaimoble.com\/wp-content\/uploads\/2022\/09\/5-480x308.jpg 480w\" sizes=\"(min-width: 0px) and (max-width: 480px) 480px, (min-width: 481px) 795px, 100vw\" \/><\/a><\/figure>\n\n\n<figure class=\"wp-block-image size-large\"><a href=\"https:\/\/www.espaimoble.com\/wp-content\/uploads\/2022\/09\/7.jpg\"><img loading=\"lazy\" decoding=\"async\" width=\"795\" height=\"510\" src=\"https:\/\/www.espaimoble.com\/wp-content\/uploads\/2022\/09\/7.jpg\" alt=\"Estudio y librer&#xED;a - Espai Moble\" class=\"wp-image-15577\" srcset=\"https:\/\/www.espaimoble.com\/wp-content\/uploads\/2022\/09\/7.jpg 795w, https:\/\/www.espaimoble.com\/wp-content\/uploads\/2022\/09\/7-480x308.jpg 480w\" sizes=\"(min-width: 0px) and (max-width: 480px) 480px, (min-width: 481px) 795px, 100vw\" \/><\/a><\/figure><\/div>\n\n\n\n<div class=\"wp-block-column is-layout-flow wp-block-column-is-layout-flow\">\n<figure class=\"wp-block-image size-large\"><a href=\"https:\/\/www.espaimoble.com\/wp-content\/uploads\/2022\/09\/6.jpg\"><img loading=\"lazy\" decoding=\"async\" width=\"795\" height=\"510\" src=\"https:\/\/www.espaimoble.com\/wp-content\/uploads\/2022\/09\/6.jpg\" alt=\"Estudio y librer&#xED;a - Espai Moble\" class=\"wp-image-15575\" srcset=\"https:\/\/www.espaimoble.com\/wp-content\/uploads\/2022\/09\/6.jpg 795w, https:\/\/www.espaimoble.com\/wp-content\/uploads\/2022\/09\/6-480x308.jpg 480w\" sizes=\"(min-width: 0px) and (max-width: 480px) 480px, (min-width: 481px) 795px, 100vw\" \/><\/a><\/figure>\n\n\n<figure class=\"wp-block-image size-large\"><a href=\"https:\/\/www.espaimoble.com\/wp-content\/uploads\/2022\/09\/8.jpg\"><img loading=\"lazy\" decoding=\"async\" width=\"795\" height=\"510\" src=\"https:\/\/www.espaimoble.com\/wp-content\/uploads\/2022\/09\/8.jpg\" alt=\"Estudio y librer&#xED;a - Espai Moble\" class=\"wp-image-15579\" srcset=\"https:\/\/www.espaimoble.com\/wp-content\/uploads\/2022\/09\/8.jpg 795w, https:\/\/www.espaimoble.com\/wp-content\/uploads\/2022\/09\/8-480x308.jpg 480w\" sizes=\"(min-width: 0px) and (max-width: 480px) 480px, (min-width: 481px) 795px, 100vw\" \/><\/a><\/figure>\n\n\n<p><\/p>\n<\/div>\n<\/div>\n\n<h2 class=\"wp-block-heading\">Armarios<\/h2>\n\n<p><p>Tener los espacios organizados trae armon\u00eda, tanto a tu hogar como a tu vida personal. Un armario puede acompa\u00f1arte toda la vida y, por eso, en Espai Moble hacemos posible que evolucione seg\u00fan las necesidades de cada momento. Hacemos uso de los accesorios interiores y las diversas versiones de los acabados (puertas, tiradores y m\u00e1s) para que ning\u00fan espacio ni estilo quede excluido.<\/p><\/p>\n\n<p><p>Seguidamente, podr\u00e1s ver algunos ejemplos de <a href=\"https:\/\/www.espaimoble.com\/es\/armarios\/\">armarios<\/a> y c\u00f3mo se adaptan al espacio, independientemente de los metros y las formas a las que se integran:<\/p><\/p>\n\n<div class=\"wp-block-columns is-layout-flex wp-container-core-columns-is-layout-9d6595d7 wp-block-columns-is-layout-flex\">\n<div class=\"wp-block-column is-layout-flow wp-block-column-is-layout-flow\">\n<figure class=\"wp-block-image size-large\"><a href=\"https:\/\/www.espaimoble.com\/wp-content\/uploads\/2022\/09\/9.jpg\"><img loading=\"lazy\" decoding=\"async\" width=\"795\" height=\"510\" src=\"https:\/\/www.espaimoble.com\/wp-content\/uploads\/2022\/09\/9.jpg\" alt=\"Estudio y librer&#xED;a - Espai Moble\" class=\"wp-image-15581\" srcset=\"https:\/\/www.espaimoble.com\/wp-content\/uploads\/2022\/09\/9.jpg 795w, https:\/\/www.espaimoble.com\/wp-content\/uploads\/2022\/09\/9-480x308.jpg 480w\" sizes=\"(min-width: 0px) and (max-width: 480px) 480px, (min-width: 481px) 795px, 100vw\" \/><\/a><\/figure>\n\n\n<figure class=\"wp-block-image size-large\"><a href=\"https:\/\/www.espaimoble.com\/wp-content\/uploads\/2022\/09\/11-1.jpg\"><img loading=\"lazy\" decoding=\"async\" width=\"795\" height=\"510\" src=\"https:\/\/www.espaimoble.com\/wp-content\/uploads\/2022\/09\/11-1.jpg\" alt=\"Estudio y librer&#xED;a - Espai Moble\" class=\"wp-image-15589\" srcset=\"https:\/\/www.espaimoble.com\/wp-content\/uploads\/2022\/09\/11-1.jpg 795w, https:\/\/www.espaimoble.com\/wp-content\/uploads\/2022\/09\/11-1-480x308.jpg 480w\" sizes=\"(min-width: 0px) and (max-width: 480px) 480px, (min-width: 481px) 795px, 100vw\" \/><\/a><\/figure><\/div>\n\n\n\n<div class=\"wp-block-column is-layout-flow wp-block-column-is-layout-flow\">\n<figure class=\"wp-block-image size-large\"><a href=\"https:\/\/www.espaimoble.com\/wp-content\/uploads\/2022\/09\/10.jpg\"><img loading=\"lazy\" decoding=\"async\" width=\"795\" height=\"510\" src=\"https:\/\/www.espaimoble.com\/wp-content\/uploads\/2022\/09\/10.jpg\" alt=\"\" class=\"wp-image-15583\" srcset=\"https:\/\/www.espaimoble.com\/wp-content\/uploads\/2022\/09\/10.jpg 795w, https:\/\/www.espaimoble.com\/wp-content\/uploads\/2022\/09\/10-480x308.jpg 480w\" sizes=\"(min-width: 0px) and (max-width: 480px) 480px, (min-width: 481px) 795px, 100vw\" \/><\/a><\/figure>\n\n\n<figure class=\"wp-block-image size-large\"><a href=\"https:\/\/www.espaimoble.com\/wp-content\/uploads\/2022\/09\/12.jpg\"><img loading=\"lazy\" decoding=\"async\" width=\"795\" height=\"510\" src=\"https:\/\/www.espaimoble.com\/wp-content\/uploads\/2022\/09\/12.jpg\" alt=\"Estudio y librer&#xED;a - Espai Moble\" class=\"wp-image-15587\" srcset=\"https:\/\/www.espaimoble.com\/wp-content\/uploads\/2022\/09\/12.jpg 795w, https:\/\/www.espaimoble.com\/wp-content\/uploads\/2022\/09\/12-480x308.jpg 480w\" sizes=\"(min-width: 0px) and (max-width: 480px) 480px, (min-width: 481px) 795px, 100vw\" \/><\/a><\/figure><\/div>\n<\/div>\n\n<p><p>Si necesitas asesoramiento, ponte en <a href=\"https:\/\/www.espaimoble.com\/es\/contacto\/\">contacto<\/a> con nuestro equipo y te ayudaremos a redecorar el espacio que desees para que resulte en el mejor lugar donde concentrarte y volar la imaginaci\u00f3n.<\/p><\/p>\n","protected":false},"excerpt":{"rendered":"<p>Septiembre es sin\u00f3nimo de cambios. Quiz\u00e1 sea el momento perfecto para abordar aquel proyecto de decoraci\u00f3n que hace tiempo te ronda la cabeza o renovar y reorganizar algunos de los espacios de tu hogar.<\/p>\n","protected":false},"author":9,"featured_media":15606,"comment_status":"closed","ping_status":"closed","sticky":false,"template":"","format":"standard","meta":{"_et_pb_use_builder":"off","_et_pb_old_content":"","_et_gb_content_width":"","footnotes":""},"categories":[198,197],"tags":[],"dipi_cpt_category":[],"class_list":["post-15611","post","type-post","status-publish","format-standard","has-post-thumbnail","hentry","category-el-dia-a-dia-es","category-profesional"],"_links":{"self":[{"href":"https:\/\/www.espaimoble.com\/es\/wp-json\/wp\/v2\/posts\/15611","targetHints":{"allow":["GET"]}}],"collection":[{"href":"https:\/\/www.espaimoble.com\/es\/wp-json\/wp\/v2\/posts"}],"about":[{"href":"https:\/\/www.espaimoble.com\/es\/wp-json\/wp\/v2\/types\/post"}],"author":[{"embeddable":true,"href":"https:\/\/www.espaimoble.com\/es\/wp-json\/wp\/v2\/users\/9"}],"replies":[{"embeddable":true,"href":"https:\/\/www.espaimoble.com\/es\/wp-json\/wp\/v2\/comments?post=15611"}],"version-history":[{"count":3,"href":"https:\/\/www.espaimoble.com\/es\/wp-json\/wp\/v2\/posts\/15611\/revisions"}],"predecessor-version":[{"id":15619,"href":"https:\/\/www.espaimoble.com\/es\/wp-json\/wp\/v2\/posts\/15611\/revisions\/15619"}],"wp:featuredmedia":[{"embeddable":true,"href":"https:\/\/www.espaimoble.com\/es\/wp-json\/wp\/v2\/media\/15606"}],"wp:attachment":[{"href":"https:\/\/www.espaimoble.com\/es\/wp-json\/wp\/v2\/media?parent=15611"}],"wp:term":[{"taxonomy":"category","embeddable":true,"href":"https:\/\/www.espaimoble.com\/es\/wp-json\/wp\/v2\/categories?post=15611"},{"taxonomy":"post_tag","embeddable":true,"href":"https:\/\/www.espaimoble.com\/es\/wp-json\/wp\/v2\/tags?post=15611"},{"taxonomy":"dipi_cpt_category","embeddable":true,"href":"https:\/\/www.espaimoble.com\/es\/wp-json\/wp\/v2\/dipi_cpt_category?post=15611"}],"curies":[{"name":"wp","href":"https:\/\/api.w.org\/{rel}","templated":true}]}}