{"id":13395,"date":"2021-06-09T10:50:49","date_gmt":"2021-06-09T10:50:49","guid":{"rendered":"https:\/\/www.espaimoble.com\/2021\/06\/09\/tendencias-decorativas-verano-2021\/"},"modified":"2021-06-09T10:50:51","modified_gmt":"2021-06-09T10:50:51","slug":"tendencias-decorativas-verano-2021","status":"publish","type":"post","link":"https:\/\/www.espaimoble.com\/es\/2021\/06\/09\/tendencias-decorativas-verano-2021\/","title":{"rendered":"Tendencias decorativas verano 2021"},"content":{"rendered":"\n<p><p>Empiezas a notar la llegada del <strong>verano<\/strong> en casa? Hace m\u00e1s calor y quieres darle un <strong>toque refrescante a las habitaciones<\/strong>? Pues este art\u00edculo es id\u00f3neo antes de ponerte en el trabajo. Te damos algunos consejos <strong>r\u00e1pidos y sencillos<\/strong> de tendencias decorativas que le dar\u00e1n otro aspecto a las estancias de tu hogar.<\/p><\/p>\n\n<h2 class=\"wp-block-heading\">Di s\u00ed, a la naturaleza<\/h2>\n\n<p><p>Las plantas son el toque m\u00e1s veraniego que puedes encontrar. Acogedoras y <strong>frescas<\/strong>, dise\u00f1an atm\u00f3sferas envolventes, donde desconectar y <strong>encajan con cualquier estilo decorativo.<\/strong> Las plantas y flores atrapar\u00e1n la frescura y verdor de la naturaleza dentro de tu hogar y, adem\u00e1s, <strong>purifican el aire.<\/strong><\/p><\/p>\n\n<p><p>Puedes colocarlas en el suelo, colgarlas o, incluso, en puntos clave sobre de tu buffet o composici\u00f3n de comedor. Adem\u00e1s, son <strong>ideales para espacios peque\u00f1os!<\/strong><\/p><\/p>\n\n<figure class=\"wp-block-image size-large\"><img loading=\"lazy\" decoding=\"async\" width=\"940\" height=\"600\" src=\"https:\/\/www.espaimoble.com\/wp-content\/uploads\/2021\/06\/espai-moble-inspiracio-decoracio-estiu-2021.jpg\" alt=\"\" class=\"wp-image-13378\" srcset=\"https:\/\/www.espaimoble.com\/wp-content\/uploads\/2021\/06\/espai-moble-inspiracio-decoracio-estiu-2021.jpg 940w, https:\/\/www.espaimoble.com\/wp-content\/uploads\/2021\/06\/espai-moble-inspiracio-decoracio-estiu-2021-480x306.jpg 480w\" sizes=\"(min-width: 0px) and (max-width: 480px) 480px, (min-width: 481px) 940px, 100vw\" \/><\/figure>\n<h2 class=\"wp-block-heading\">Superficies limpias y desahogadas<\/h2>\n\n<p><p>Aprovecha para hacer limpieza y <a href=\"https:\/\/www.espaimoble.com\/2020\/01\/20\/consells-demmagatzematge\/\">ordenar el espacio<\/a>. Vaciar de cosas que no usas o necesitas es una manera f\u00e1cil y efectiva de tener tus estancias<strong> limpias y frescas.<\/strong><\/p><\/p>\n\n<h2 class=\"wp-block-heading\">El blanco, el aliado de todos los espacios.<\/h2>\n\n<p><p>El color blanco <strong>ampl\u00eda<\/strong> los metros y <strong>multiplica<\/strong> la luz. Puedes utilizarlo como punto central de las habitaciones en paredes y mobiliario o como plan secundario aplic\u00e1ndolo en elementos concretos como cojines, cortinas, etc.<\/p><\/p>\n\n<h2 class=\"wp-block-heading\">Un toque mediterr\u00e1neo<\/h2>\n\n<p><p>Trasladado cerca del mar de forma sencilla combinando el blanco puro con unas <strong>pinceladas de azul <\/strong>marino<strong>.<\/strong> Formar\u00e1n un conjunto \u00fanico y veraniego.<\/p><\/p>\n\n<figure class=\"wp-block-image size-large\"><img loading=\"lazy\" decoding=\"async\" width=\"940\" height=\"600\" src=\"https:\/\/www.espaimoble.com\/wp-content\/uploads\/2021\/06\/espai-moble-decoracio-estiu-2021.jpg\" alt=\"\" class=\"wp-image-13383\" srcset=\"https:\/\/www.espaimoble.com\/wp-content\/uploads\/2021\/06\/espai-moble-decoracio-estiu-2021.jpg 940w, https:\/\/www.espaimoble.com\/wp-content\/uploads\/2021\/06\/espai-moble-decoracio-estiu-2021-480x306.jpg 480w\" sizes=\"(min-width: 0px) and (max-width: 480px) 480px, (min-width: 481px) 940px, 100vw\" \/><\/figure>\n<h2 class=\"wp-block-heading\">La madera en tonos claros<\/h2>\n\n<p><p>La madera es la mejor aliada en invierno, pero tambi\u00e9n lo es en verano. Apuesta por tonalidades claras y comb\u00ednalas con telas frescas y complementos blancos para conseguir un espacio refrescante, sobre todo para las horas m\u00e1s intensas.<\/p><\/p>\n\n<figure class=\"wp-block-gallery columns-1 is-cropped wp-block-gallery-1 is-layout-flex wp-block-gallery-is-layout-flex\"><ul class=\"blocks-gallery-grid\"><li class=\"blocks-gallery-item\"><figure><img loading=\"lazy\" decoding=\"async\" width=\"940\" height=\"600\" src=\"https:\/\/www.espaimoble.com\/wp-content\/uploads\/2021\/06\/espai-moble-decoracio-estiu-fusta-2021.jpg\" alt=\"\" data-id=\"13386\" data-full-url=\"https:\/\/www.espaimoble.com\/wp-content\/uploads\/2021\/06\/espai-moble-decoracio-estiu-fusta-2021.jpg\" data-link=\"https:\/\/www.espaimoble.com\/?attachment_id=13386\" class=\"wp-image-13386\" srcset=\"https:\/\/www.espaimoble.com\/wp-content\/uploads\/2021\/06\/espai-moble-decoracio-estiu-fusta-2021.jpg 940w, https:\/\/www.espaimoble.com\/wp-content\/uploads\/2021\/06\/espai-moble-decoracio-estiu-fusta-2021-480x306.jpg 480w\" sizes=\"(min-width: 0px) and (max-width: 480px) 480px, (min-width: 481px) 940px, 100vw\" \/><\/figure><\/li><\/ul><\/figure>\n<h3 class=\"wp-block-heading\"><p><a href=\"https:\/\/www.espaimoble.com\/es\/2018\/07\/27\/consejos-para-preparar-la-casa-durante-los-meses-de-calor\/\">Pr\u00e1parate para los meses de m\u00e1s calor<\/a><\/p><\/h3>\n\n<p><p>Te apuntas a estas tendencias de decoraci\u00f3n de verano? Si necesitas cualquier otro consejo, puedes ponerte en <a href=\"https:\/\/www.espaimoble.com\/es\/contacto\/\">contacto con nosotros<\/a>. Estaremos encantados de ayudarte a redecorar tu hogar.<\/p><\/p>\n","protected":false},"excerpt":{"rendered":"<p>\u00bfEmpiezas a notar la llegada del verano en casa? \u00bfHace m\u00e1s calor y quieres darle un toque refrescante en las habitaciones? Pues este art\u00edculo es id\u00f3neo antes de ponerte manos a la obra. Te damos algunos consejos r\u00e1pidos y sencillos que le dar\u00e1n otro aspecto a las estancias de tu hogar.<\/p>\n","protected":false},"author":9,"featured_media":13379,"comment_status":"closed","ping_status":"closed","sticky":false,"template":"","format":"standard","meta":{"_et_pb_use_builder":"off","_et_pb_old_content":"","_et_gb_content_width":"","footnotes":""},"categories":[212,201],"tags":[213,216],"dipi_cpt_category":[],"class_list":["post-13395","post","type-post","status-publish","format-standard","has-post-thumbnail","hentry","category-decoracion","category-tendencias","tag-decoracion","tag-verano"],"_links":{"self":[{"href":"https:\/\/www.espaimoble.com\/es\/wp-json\/wp\/v2\/posts\/13395","targetHints":{"allow":["GET"]}}],"collection":[{"href":"https:\/\/www.espaimoble.com\/es\/wp-json\/wp\/v2\/posts"}],"about":[{"href":"https:\/\/www.espaimoble.com\/es\/wp-json\/wp\/v2\/types\/post"}],"author":[{"embeddable":true,"href":"https:\/\/www.espaimoble.com\/es\/wp-json\/wp\/v2\/users\/9"}],"replies":[{"embeddable":true,"href":"https:\/\/www.espaimoble.com\/es\/wp-json\/wp\/v2\/comments?post=13395"}],"version-history":[{"count":1,"href":"https:\/\/www.espaimoble.com\/es\/wp-json\/wp\/v2\/posts\/13395\/revisions"}],"predecessor-version":[{"id":13396,"href":"https:\/\/www.espaimoble.com\/es\/wp-json\/wp\/v2\/posts\/13395\/revisions\/13396"}],"wp:featuredmedia":[{"embeddable":true,"href":"https:\/\/www.espaimoble.com\/es\/wp-json\/wp\/v2\/media\/13379"}],"wp:attachment":[{"href":"https:\/\/www.espaimoble.com\/es\/wp-json\/wp\/v2\/media?parent=13395"}],"wp:term":[{"taxonomy":"category","embeddable":true,"href":"https:\/\/www.espaimoble.com\/es\/wp-json\/wp\/v2\/categories?post=13395"},{"taxonomy":"post_tag","embeddable":true,"href":"https:\/\/www.espaimoble.com\/es\/wp-json\/wp\/v2\/tags?post=13395"},{"taxonomy":"dipi_cpt_category","embeddable":true,"href":"https:\/\/www.espaimoble.com\/es\/wp-json\/wp\/v2\/dipi_cpt_category?post=13395"}],"curies":[{"name":"wp","href":"https:\/\/api.w.org\/{rel}","templated":true}]}}